{"id":6245,"date":"2023-09-12T14:13:51","date_gmt":"2023-09-12T12:13:51","guid":{"rendered":"http:\/\/madedesign.es\/made-design-barcellona-orgatec-2018\/"},"modified":"2023-09-12T16:47:50","modified_gmt":"2023-09-12T14:47:50","slug":"made-design-barcellona-orgatec-2018","status":"publish","type":"post","link":"https:\/\/madedesign.es\/it\/made-design-barcellona-orgatec-2018\/","title":{"rendered":"Made Design\u00ae Barcellona &#8211; Orgatec 2018"},"content":{"rendered":"\n<p>29 ottobre 2018  <\/p>\n\n<p>Dal 23 al 27 ottobre, <strong>Made Design\u00ae Barcelona<\/strong> ha esposto all&#8217;<strong>ORGATEC<\/strong> di Colonia, presentando i nuovi prodotti per il 2019 e quelli gi\u00e0 esistenti della nostra collezione.  <\/p>\n\n<p>In occasione di ORGATEC &#8211; la pi\u00f9 importante fiera del mobile, del contract e degli accessori per ufficio &#8211; Made Design\u00ae Barcelona ha presentato:  <\/p>\n\n<p>Nuovi contenitori per la raccolta differenziata:  <strong><a href=\"https:\/\/madedesign.es\/it\/productos\/vevey\/\" data-type=\"productos\" data-id=\"884\">Vevey di baumgartner<\/a><\/strong>un contenitore per il riciclaggio unico nel suo genere, incentrato sull&#8217;essere diverso fin dalla sua concezione, smontabile e moderno;  <strong><a href=\"https:\/\/madedesign.es\/it\/productos\/davos\/\" data-type=\"productos\" data-id=\"852\">Davos di Nahtrang<\/a><\/strong>  \u00e8 un contenitore per la raccolta differenziata progettato per le corsie; pu\u00f2 essere collocato in gruppi di 2, 3 o 4 unit\u00e0;  <strong><a href=\"https:\/\/madedesign.es\/it\/productos\/nyon\/\" data-type=\"productos\" data-id=\"860\">Nyon di Roger Vancells<\/a><\/strong>nella sua nuova versione in legno;  <strong><a href=\"https:\/\/madedesign.es\/it\/productos\/losanna\/\" data-type=\"productos\" data-id=\"869\">Losanna di Toni Arola<\/a><\/strong>nella sua nuova versione a discesa; e  <strong><a href=\"https:\/\/madedesign.es\/it\/productos\/basilea\/\" data-type=\"productos\" data-id=\"910\">Basilea di Pep Puerto<\/a><\/strong>con le nuove versioni a estrazione frontale.  <\/p>\n\n<p>4 modelli di appendiabiti e portaombrelli per l&#8217;ufficio e la casa:  <strong><a href=\"https:\/\/madedesign.es\/it\/productos\/padova\/\" data-type=\"productos\" data-id=\"1171\">Padova di Roger Vancells<\/a><\/strong>un appendiabiti semplice ma audace che segue la filosofia del less is more: ridurre questo design al minimo;  <strong><a href=\"https:\/\/madedesign.es\/it\/productos\/bologna\/\" data-type=\"productos\" data-id=\"1162\">Bologna di Eduard Juanola<\/a><\/strong>nella versione in legno di faggio;  <strong><a href=\"https:\/\/madedesign.es\/it\/productos\/milano\/\" data-type=\"productos\" data-id=\"1133\">Milano di Roger Vancells<\/a><\/strong>La versione a 3 doghe di legno;  <strong><a href=\"https:\/\/madedesign.es\/it\/productos\/bergamo\/\" data-type=\"productos\" data-id=\"1123\">Bergamo di La Mamba Studio<\/a><\/strong>nelle sue versioni individuali a parete e a libera installazione.  <\/p>\n\n<p>Infine, il pannello acustico a parete <strong>\n  <a href=\"https:\/\/madedesign.es\/it\/productos\/note-it\/\" data-type=\"productos\" data-id=\"1341\">Note-it di Jordi Blasi x Nahtrang<\/a>\n<\/strong>. Realizzato in materiale riciclato, \u00e8 un pannello acustico dalla forma ricorrente in ufficio che genera simpatia.  <\/p>\n\n<p>Nello stesso stand, progettato da  <a href=\"http:\/\/madedesign.es\/?p=4609\" data-type=\"designers\" data-id=\"1477\">\n  <strong>Roger Vancells<\/strong>\n<\/a>Sono stati esposti i disegni pi\u00f9 rappresentativi e popolari del Made Design:  <strong>\n  <a href=\"https:\/\/madedesign.es\/it\/productos\/treviso\/\" data-type=\"productos\" data-id=\"1114\">Treviso di NutCreatives<\/a>\n<\/strong>,  <strong>\n  <a href=\"https:\/\/madedesign.es\/it\/productos\/nagoya\/\" data-type=\"productos\" data-id=\"1251\">Nagoya<\/a>\n<\/strong>,  <strong>\n  <a href=\"https:\/\/madedesign.es\/it\/productos\/kyoto\/\" data-type=\"productos\" data-id=\"1296\">Kyoto<\/a>\n<\/strong> y  <strong>\n  <a href=\"https:\/\/madedesign.es\/it\/productos\/zurigo\/\" data-type=\"productos\" data-id=\"898\">Zurigo di Joan Gaspar<\/a>\n<\/strong>,  <strong>\n  <a href=\"https:\/\/madedesign.es\/it\/productos\/zell\/\" data-type=\"productos\" data-id=\"916\">Zell de Estudi Ribaud\u00ed<\/a>\n<\/strong>,  <strong>\n  <a href=\"https:\/\/madedesign.es\/it\/productos\/albury\/\" data-type=\"productos\" data-id=\"1323\">Albury di Drop Innovation<\/a>\n<\/strong>,  <strong>\n  <a href=\"https:\/\/madedesign.es\/it\/productos\/baden\/\" data-type=\"productos\" data-id=\"930\">Baden di Nuklee<\/a>\n<\/strong>,  <strong>\n  <a href=\"https:\/\/madedesign.es\/it\/productos\/berna\/\" data-type=\"productos\" data-id=\"891\">Berna<\/a>\n<\/strong>, <strong>\n  <a href=\"https:\/\/madedesign.es\/it\/productos\/laax\/\" data-type=\"productos\" data-id=\"961\">Laax<\/a>\n<\/strong> y <strong>\n  <a href=\"https:\/\/madedesign.es\/it\/productos\/bambu\/\" data-type=\"productos\" data-id=\"1331\">Bamboo by Stone Designs<\/a>\n<\/strong>, <strong>\n  <a href=\"https:\/\/madedesign.es\/it\/productos\/siena\/\" data-type=\"productos\" data-id=\"1151\">Siena di Nahtrang<\/a>\n<\/strong> y <strong>\n  <a href=\"https:\/\/madedesign.es\/it\/productos\/torino\/\" data-type=\"productos\" data-id=\"1179\">Torino di Eduard Juanola<\/a>\n<\/strong>.  <\/p>\n\n<p>Desideriamo ringraziare tutti coloro che sono venuti a salutarci, a scoprire il nostro marchio e a condividere il loro tempo con noi.  <\/p>\n\n<p>Ci auguriamo di vedervi presto!<\/p>\n\n<figure class=\"wp-block-image\"><img fetchpriority=\"high\" decoding=\"async\" width=\"750\" height=\"530\" src=\"http:\/\/madedesign.es\/wp-content\/uploads\/image-29.jpeg\" alt=\"01Made Design&#xAE; Barcellona - Orgatec 2018.jpg\" class=\"wp-image-5969\" srcset=\"https:\/\/madedesign.es\/wp-content\/uploads\/image-29.jpeg 750w, https:\/\/madedesign.es\/wp-content\/uploads\/image-29-300x212.jpeg 300w\" sizes=\"(max-width: 750px) 100vw, 750px\" \/><\/figure>\n\n<figure class=\"wp-block-image\"><img decoding=\"async\" width=\"750\" height=\"774\" src=\"http:\/\/madedesign.es\/wp-content\/uploads\/image-28.jpeg\" alt=\"02Made Design&#xAE; Barcellona - Orgatec 2018.jpg\" class=\"wp-image-5963\" srcset=\"https:\/\/madedesign.es\/wp-content\/uploads\/image-28.jpeg 750w, https:\/\/madedesign.es\/wp-content\/uploads\/image-28-291x300.jpeg 291w\" sizes=\"(max-width: 750px) 100vw, 750px\" \/><\/figure>\n\n<figure class=\"wp-block-image\"><img decoding=\"async\" width=\"750\" height=\"530\" src=\"http:\/\/madedesign.es\/wp-content\/uploads\/image-26.jpeg\" alt=\"04Made Design&#xAE; Barcellona - Orgatec 2018.jpg\" class=\"wp-image-5953\" srcset=\"https:\/\/madedesign.es\/wp-content\/uploads\/image-26.jpeg 750w, https:\/\/madedesign.es\/wp-content\/uploads\/image-26-300x212.jpeg 300w\" sizes=\"(max-width: 750px) 100vw, 750px\" \/><\/figure>\n\n<figure class=\"wp-block-image\"><img loading=\"lazy\" decoding=\"async\" width=\"750\" height=\"530\" src=\"http:\/\/madedesign.es\/wp-content\/uploads\/image-27.jpeg\" alt=\"05Made Design&#xAE; Barcellona - Orgatec 2018.jpg\" class=\"wp-image-5957\" srcset=\"https:\/\/madedesign.es\/wp-content\/uploads\/image-27.jpeg 750w, https:\/\/madedesign.es\/wp-content\/uploads\/image-27-300x212.jpeg 300w\" sizes=\"(max-width: 750px) 100vw, 750px\" \/><\/figure>\n","protected":false},"excerpt":{"rendered":"<p>29 ottobre 2018 Dal 23 al 27 ottobre, Made Design\u00ae Barcelona ha esposto all&#8217;ORGATEC di Colonia, presentando i nuovi prodotti per il 2019 e quelli gi\u00e0 esistenti della nostra collezione. In occasione di ORGATEC &#8211; la pi\u00f9 importante fiera del mobile, del contract e degli accessori per ufficio &#8211; Made Design\u00ae Barcelona ha presentato: Nuovi [&hellip;]<\/p>\n","protected":false},"author":3,"featured_media":5965,"comment_status":"closed","ping_status":"closed","sticky":false,"template":"","format":"standard","meta":{"footnotes":""},"categories":[42],"tags":[],"class_list":["post-6245","post","type-post","status-publish","format-standard","has-post-thumbnail","hentry","category-presente"],"_links":{"self":[{"href":"https:\/\/madedesign.es\/it\/wp-json\/wp\/v2\/posts\/6245","targetHints":{"allow":["GET"]}}],"collection":[{"href":"https:\/\/madedesign.es\/it\/wp-json\/wp\/v2\/posts"}],"about":[{"href":"https:\/\/madedesign.es\/it\/wp-json\/wp\/v2\/types\/post"}],"author":[{"embeddable":true,"href":"https:\/\/madedesign.es\/it\/wp-json\/wp\/v2\/users\/3"}],"replies":[{"embeddable":true,"href":"https:\/\/madedesign.es\/it\/wp-json\/wp\/v2\/comments?post=6245"}],"version-history":[{"count":0,"href":"https:\/\/madedesign.es\/it\/wp-json\/wp\/v2\/posts\/6245\/revisions"}],"wp:featuredmedia":[{"embeddable":true,"href":"https:\/\/madedesign.es\/it\/wp-json\/wp\/v2\/media\/5965"}],"wp:attachment":[{"href":"https:\/\/madedesign.es\/it\/wp-json\/wp\/v2\/media?parent=6245"}],"wp:term":[{"taxonomy":"category","embeddable":true,"href":"https:\/\/madedesign.es\/it\/wp-json\/wp\/v2\/categories?post=6245"},{"taxonomy":"post_tag","embeddable":true,"href":"https:\/\/madedesign.es\/it\/wp-json\/wp\/v2\/tags?post=6245"}],"curies":[{"name":"wp","href":"https:\/\/api.w.org\/{rel}","templated":true}]}}