{"id":6221,"date":"2023-09-12T13:37:37","date_gmt":"2023-09-12T11:37:37","guid":{"rendered":"http:\/\/madedesign.es\/made-on-tour-icaza-bilbao\/"},"modified":"2023-09-12T16:43:51","modified_gmt":"2023-09-12T14:43:51","slug":"made-on-tour-icaza-bilbao","status":"publish","type":"post","link":"https:\/\/madedesign.es\/it\/made-on-tour-icaza-bilbao\/","title":{"rendered":"Made on Tour: ICAZA (Bilbao)"},"content":{"rendered":"\n<p>8 maggio 2017<\/p>\n\n<p>Desideriamo invitarvi alla mostra Made on Tour che arriva a <strong>Bilbao<\/strong>, dopo essere stata esposta a Barcellona, Madrid e Saragozza tra le altre citt\u00e0 nazionali ed estere, e che questa volta sar\u00e0 nell&#8217;<strong>ESPACIO AMIGO<\/strong> di <strong>ICAZA<\/strong>, gioved\u00ec 11 maggio alle ore 19.00.<\/p>\n\n<p>Alla presentazione si uniranno <a href=\"http:\/\/madedesign.es\/?p=4589\" data-type=\"designers\" data-id=\"1477\">Roger Vancells<\/a> e Miquel \u00c0ngel Juli\u00e0 dello studio di design e architettura <strong>Nuklee<\/strong>, che parleranno di &#8220;Innovazione e processo creativo&#8221;. Roger Vancells ha progettato il cestino <a href=\"http:\/\/madedesign.es\/en\/productos\/nyon\/\" data-type=\"productos\" data-id=\"860\">Nyon<\/a> e l&#8217;appendiabiti <a href=\"http:\/\/madedesign.es\/en\/productos\/milano\/\" data-type=\"productos\" data-id=\"1133\">Milano<\/a>. Lo studio Nuklee \u00e8 responsabile della nostra esposizione del Cairo.<\/p>\n\n<p>Ci auguriamo la vostra presenza alla conferenza e al cocktail. Vi aspettiamo!<\/p>\n\n<p>ICAZA &#8211; Show Room e uffici: Alameda Mazarredo 47 &#8211; 48009 &#8211; Bilbao (Bizkaia)<\/p>\n\n<figure class=\"wp-block-image\" id=\"yui_3_17_2_1_1694518579909_230\"><img fetchpriority=\"high\" decoding=\"async\" width=\"800\" height=\"400\" src=\"http:\/\/madedesign.es\/wp-content\/uploads\/image-16.jpeg\" alt=\"Made on Tour- ICAZA (Bilbao).jpg\" class=\"wp-image-5872\" srcset=\"https:\/\/madedesign.es\/wp-content\/uploads\/image-16.jpeg 800w, https:\/\/madedesign.es\/wp-content\/uploads\/image-16-300x150.jpeg 300w, https:\/\/madedesign.es\/wp-content\/uploads\/image-16-768x384.jpeg 768w\" sizes=\"(max-width: 800px) 100vw, 800px\" \/><\/figure>\n","protected":false},"excerpt":{"rendered":"<p>8 maggio 2017 Desideriamo invitarvi alla mostra Made on Tour che arriva a Bilbao, dopo essere stata esposta a Barcellona, Madrid e Saragozza tra le altre citt\u00e0 nazionali ed estere, e che questa volta sar\u00e0 nell&#8217;ESPACIO AMIGO di ICAZA, gioved\u00ec 11 maggio alle ore 19.00. Alla presentazione si uniranno Roger Vancells e Miquel \u00c0ngel Juli\u00e0 [&hellip;]<\/p>\n","protected":false},"author":3,"featured_media":5875,"comment_status":"closed","ping_status":"closed","sticky":false,"template":"","format":"standard","meta":{"footnotes":""},"categories":[42],"tags":[],"class_list":["post-6221","post","type-post","status-publish","format-standard","has-post-thumbnail","hentry","category-presente"],"_links":{"self":[{"href":"https:\/\/madedesign.es\/it\/wp-json\/wp\/v2\/posts\/6221","targetHints":{"allow":["GET"]}}],"collection":[{"href":"https:\/\/madedesign.es\/it\/wp-json\/wp\/v2\/posts"}],"about":[{"href":"https:\/\/madedesign.es\/it\/wp-json\/wp\/v2\/types\/post"}],"author":[{"embeddable":true,"href":"https:\/\/madedesign.es\/it\/wp-json\/wp\/v2\/users\/3"}],"replies":[{"embeddable":true,"href":"https:\/\/madedesign.es\/it\/wp-json\/wp\/v2\/comments?post=6221"}],"version-history":[{"count":0,"href":"https:\/\/madedesign.es\/it\/wp-json\/wp\/v2\/posts\/6221\/revisions"}],"wp:featuredmedia":[{"embeddable":true,"href":"https:\/\/madedesign.es\/it\/wp-json\/wp\/v2\/media\/5875"}],"wp:attachment":[{"href":"https:\/\/madedesign.es\/it\/wp-json\/wp\/v2\/media?parent=6221"}],"wp:term":[{"taxonomy":"category","embeddable":true,"href":"https:\/\/madedesign.es\/it\/wp-json\/wp\/v2\/categories?post=6221"},{"taxonomy":"post_tag","embeddable":true,"href":"https:\/\/madedesign.es\/it\/wp-json\/wp\/v2\/tags?post=6221"}],"curies":[{"name":"wp","href":"https:\/\/api.w.org\/{rel}","templated":true}]}}