{"id":6273,"date":"2023-09-12T15:25:27","date_gmt":"2023-09-12T13:25:27","guid":{"rendered":"http:\/\/madedesign.es\/communique-du-covid-19\/"},"modified":"2023-09-12T16:52:10","modified_gmt":"2023-09-12T14:52:10","slug":"communique-du-covid-19","status":"publish","type":"post","link":"https:\/\/madedesign.es\/fr\/communique-du-covid-19\/","title":{"rendered":"Communiqu\u00e9 du COVID-19"},"content":{"rendered":"\n<p>31 mars 2020<\/p>\n\n<p>  Les derni\u00e8res mesures annonc\u00e9es par le gouvernement dans le cadre de la pand\u00e9mie de <strong>COVID-19<\/strong>.<\/p>\n\n<figure class=\"wp-block-image\"><img fetchpriority=\"high\" decoding=\"async\" width=\"1500\" height=\"1500\" src=\"http:\/\/madedesign.es\/wp-content\/uploads\/image-35.jpeg\" alt=\"covid communication-19.jpg\" class=\"wp-image-6011\" srcset=\"https:\/\/madedesign.es\/wp-content\/uploads\/image-35.jpeg 1500w, https:\/\/madedesign.es\/wp-content\/uploads\/image-35-300x300.jpeg 300w, https:\/\/madedesign.es\/wp-content\/uploads\/image-35-1024x1024.jpeg 1024w, https:\/\/madedesign.es\/wp-content\/uploads\/image-35-150x150.jpeg 150w, https:\/\/madedesign.es\/wp-content\/uploads\/image-35-768x768.jpeg 768w\" sizes=\"(max-width: 1500px) 100vw, 1500px\" \/><\/figure>\n","protected":false},"excerpt":{"rendered":"<p>31 mars 2020 Les derni\u00e8res mesures annonc\u00e9es par le gouvernement dans le cadre de la pand\u00e9mie de COVID-19.<\/p>\n","protected":false},"author":3,"featured_media":6013,"comment_status":"closed","ping_status":"closed","sticky":false,"template":"","format":"standard","meta":{"footnotes":""},"categories":[41],"tags":[],"class_list":["post-6273","post","type-post","status-publish","format-standard","has-post-thumbnail","hentry","category-cadeau"],"_links":{"self":[{"href":"https:\/\/madedesign.es\/fr\/wp-json\/wp\/v2\/posts\/6273","targetHints":{"allow":["GET"]}}],"collection":[{"href":"https:\/\/madedesign.es\/fr\/wp-json\/wp\/v2\/posts"}],"about":[{"href":"https:\/\/madedesign.es\/fr\/wp-json\/wp\/v2\/types\/post"}],"author":[{"embeddable":true,"href":"https:\/\/madedesign.es\/fr\/wp-json\/wp\/v2\/users\/3"}],"replies":[{"embeddable":true,"href":"https:\/\/madedesign.es\/fr\/wp-json\/wp\/v2\/comments?post=6273"}],"version-history":[{"count":0,"href":"https:\/\/madedesign.es\/fr\/wp-json\/wp\/v2\/posts\/6273\/revisions"}],"wp:featuredmedia":[{"embeddable":true,"href":"https:\/\/madedesign.es\/fr\/wp-json\/wp\/v2\/media\/6013"}],"wp:attachment":[{"href":"https:\/\/madedesign.es\/fr\/wp-json\/wp\/v2\/media?parent=6273"}],"wp:term":[{"taxonomy":"category","embeddable":true,"href":"https:\/\/madedesign.es\/fr\/wp-json\/wp\/v2\/categories?post=6273"},{"taxonomy":"post_tag","embeddable":true,"href":"https:\/\/madedesign.es\/fr\/wp-json\/wp\/v2\/tags?post=6273"}],"curies":[{"name":"wp","href":"https:\/\/api.w.org\/{rel}","templated":true}]}}