{"id":6267,"date":"2023-09-12T15:20:30","date_gmt":"2023-09-12T13:20:30","guid":{"rendered":"http:\/\/madedesign.es\/mesures-covid-19\/"},"modified":"2023-09-12T16:51:26","modified_gmt":"2023-09-12T14:51:26","slug":"mesures-covid-19","status":"publish","type":"post","link":"https:\/\/madedesign.es\/fr\/mesures-covid-19\/","title":{"rendered":"Mesures COVID-19"},"content":{"rendered":"\n<p>17 mars 2020<\/p>\n\n<p>Nous souhaitons informer nos clients et collaborateurs qu&rsquo;en raison de la situation actuelle et suite aux instructions des autorit\u00e9s en relation avec la pand\u00e9mie de&#8230; <a href=\"https:\/\/www.linkedin.com\/feed\/hashtag\/?highlightedUpdateUrns=urn%3Ali%3Aactivity%3A6645621479839014912&amp;keywords=%23COVID19&amp;originTrackingId=7gb97NVijqn1wyMb5R1R2Q%3D%3D\" target=\"_blank\" rel=\"noopener\">\n  <strong>#COVID19<\/strong>\n<\/a>notre entreprise adopte les mesures et les calendriers suivants.<\/p>\n\n<p>Nous vous remercions de la confiance que vous nous avez t\u00e9moign\u00e9e et esp\u00e9rons que cet effort nous aidera \u00e0 surmonter cette situation dans les meilleurs d\u00e9lais.<\/p>\n\n<p>Merci beaucoup \u00e0 vous tous et un gros c\u00e2lin !<\/p>\n\n<p>PlanningSisplamo &amp; made design team.<\/p>\n\n<figure class=\"wp-block-image\" id=\"yui_3_17_2_1_1694518579909_152889\"><img fetchpriority=\"high\" decoding=\"async\" width=\"750\" height=\"750\" src=\"http:\/\/madedesign.es\/wp-content\/uploads\/image-34.jpeg\" alt=\"COVID-19.jpg\" class=\"wp-image-6004\" srcset=\"https:\/\/madedesign.es\/wp-content\/uploads\/image-34.jpeg 750w, https:\/\/madedesign.es\/wp-content\/uploads\/image-34-300x300.jpeg 300w, https:\/\/madedesign.es\/wp-content\/uploads\/image-34-150x150.jpeg 150w\" sizes=\"(max-width: 750px) 100vw, 750px\" \/><\/figure>\n","protected":false},"excerpt":{"rendered":"<p>17 mars 2020 Nous souhaitons informer nos clients et collaborateurs qu&rsquo;en raison de la situation actuelle et suite aux instructions des autorit\u00e9s en relation avec la pand\u00e9mie de&#8230; #COVID19 notre entreprise adopte les mesures et les calendriers suivants. Nous vous remercions de la confiance que vous nous avez t\u00e9moign\u00e9e et esp\u00e9rons que cet effort nous [&hellip;]<\/p>\n","protected":false},"author":3,"featured_media":6006,"comment_status":"closed","ping_status":"closed","sticky":false,"template":"","format":"standard","meta":{"footnotes":""},"categories":[41],"tags":[],"class_list":["post-6267","post","type-post","status-publish","format-standard","has-post-thumbnail","hentry","category-cadeau"],"_links":{"self":[{"href":"https:\/\/madedesign.es\/fr\/wp-json\/wp\/v2\/posts\/6267","targetHints":{"allow":["GET"]}}],"collection":[{"href":"https:\/\/madedesign.es\/fr\/wp-json\/wp\/v2\/posts"}],"about":[{"href":"https:\/\/madedesign.es\/fr\/wp-json\/wp\/v2\/types\/post"}],"author":[{"embeddable":true,"href":"https:\/\/madedesign.es\/fr\/wp-json\/wp\/v2\/users\/3"}],"replies":[{"embeddable":true,"href":"https:\/\/madedesign.es\/fr\/wp-json\/wp\/v2\/comments?post=6267"}],"version-history":[{"count":0,"href":"https:\/\/madedesign.es\/fr\/wp-json\/wp\/v2\/posts\/6267\/revisions"}],"wp:featuredmedia":[{"embeddable":true,"href":"https:\/\/madedesign.es\/fr\/wp-json\/wp\/v2\/media\/6006"}],"wp:attachment":[{"href":"https:\/\/madedesign.es\/fr\/wp-json\/wp\/v2\/media?parent=6267"}],"wp:term":[{"taxonomy":"category","embeddable":true,"href":"https:\/\/madedesign.es\/fr\/wp-json\/wp\/v2\/categories?post=6267"},{"taxonomy":"post_tag","embeddable":true,"href":"https:\/\/madedesign.es\/fr\/wp-json\/wp\/v2\/tags?post=6267"}],"curies":[{"name":"wp","href":"https:\/\/api.w.org\/{rel}","templated":true}]}}